{"id":14794,"date":"2023-03-06T17:29:34","date_gmt":"2023-03-06T17:29:34","guid":{"rendered":"http:\/\/race01.wp\/resources\/oportunidad-de-trabajo-consultoria-en-investigacion-con-enfoque-etnico-contratacion-inmediata-corporacion-instituto-internacional-de-raza-igualdad-y-derechos-humanos-ubicacion-bogota-col\/"},"modified":"2023-08-11T14:41:46","modified_gmt":"2023-08-11T14:41:46","slug":"oportunidad-de-trabajo-consultoria-en-investigacion-con-enfoque-etnico-contratacion-inmediata-corporacion-instituto-internacional-de-raza-igualdad-y-derechos-humanos-ubicacion-bogota-col","status":"publish","type":"job_posting","link":"https:\/\/raceandequality.org\/es\/job-posting\/oportunidad-de-trabajo-consultoria-en-investigacion-con-enfoque-etnico-contratacion-inmediata-corporacion-instituto-internacional-de-raza-igualdad-y-derechos-humanos-ubicacion-bogota-col\/","title":{"rendered":"OPORTUNIDAD DE TRABAJO \u2013 Consultor\u00eda en investigaci\u00f3n con enfoque \u00e9tnico Contrataci\u00f3n Inmediata  Corporaci\u00f3n Instituto Internacional de Raza, Igualdad y Derechos Humanos Ubicaci\u00f3n: Bogot\u00e1, Colombia."},"content":{"rendered":"<p style=\"text-align: justify;\"><strong>El Instituto Internacional sobre Raza, Igualdad y Derechos Humanos (Raza e Igualdad)<\/strong> es una organizaci\u00f3n internacional no gubernamental de defensa y protecci\u00f3n de los derechos humanos creada en 2014 que trabaja con contrapartes y activistas locales en Am\u00e9rica Latina para promover y proteger los derechos humanos de poblaciones en condiciones de marginalidad, ya sea por su origen nacional o \u00e9tnico, su orientaci\u00f3n sexual o identidad de g\u00e9nero, estado socioecon\u00f3mico o discapacidad. Raza e Igualdad tiene enfoque de fortalecimiento y desarrollo de capacidades de organizaciones de base, con el objetivo de convertirse en actores pol\u00edticos que promuevan cambios estructurales en los pa\u00edses donde trabajamos. Nuestra metodolog\u00eda se base en la capacitaci\u00f3n t\u00e9cnica, movilizaci\u00f3n comunitaria, investigaci\u00f3n y documentaci\u00f3n de violaciones a derechos humanos, litigio estrat\u00e9gico y el trabajo de incidencia pol\u00edtica a nivel nacional e internacional para lograr cambios estructurales sostenibles. Motivamos a la comunidad internacional, incluyendo a las Naciones Unidas y a los \u00f3rganos regionales a interesarse y reaccionar ante los problemas de discriminaci\u00f3n existentes. Nuestro programa proporciona capacitaci\u00f3n a nuestros socios para acciones de litigio estrat\u00e9gico nacional e internacional ante la Organizaci\u00f3n de los Estados Americanos (OEA), Sistema Interamericano de Derechos Humanos, as\u00ed como la promoci\u00f3n de uso y seguimiento Convenciones y mecanismos internacionales. \u00a0Espec\u00edficamente seguimiento al Comit\u00e9 para la Eliminaci\u00f3n de la Discriminaci\u00f3n Racial (CERD) &#8211; Convenci\u00f3n Internacional sobre la Eliminaci\u00f3n de todas las Formas de Discriminaci\u00f3n Racial y la Convenci\u00f3n para la Eliminaci\u00f3n de Todas las Formas de Discriminaci\u00f3n contra la Mujer CEDAW.<\/p>\n<ol style=\"text-align: justify;\">\n<li><strong> Objeto del Contrato:<\/strong><\/li>\n<\/ol>\n<p style=\"text-align: justify;\">Prestar servicios profesionales para actividades de investigaci\u00f3n social e incidencia pol\u00edtica y comunicativa relacionadas con el desarrollo del componente de investigaci\u00f3n sobre la situaci\u00f3n de DDHH de personas afrodescendientes provenientes de Venezuela en Colombia, para la l\u00ednea de trabajo en Movilidad Humana de Raza e Igualdad Colombia. Para el desarrollo de la consultor\u00eda, se espera que se cuente experiencia en investigaci\u00f3n cualitativa y en enfoques diferenciales como el \u00e9tnico-racial, g\u00e9nero e interseccional.<\/p>\n<ol style=\"text-align: justify;\" start=\"2\">\n<li><strong> Descripci\u00f3n del trabajo y funciones:<\/strong><strong>\u00a0<\/strong><\/li>\n<\/ol>\n<ul style=\"text-align: justify;\">\n<li>Realizar\u00e1 una investigaci\u00f3n cualitativa, teniendo como enfoque metodol\u00f3gico el desarrollo y construcci\u00f3n de historias de vida en coordinaci\u00f3n con la profesional de investigaci\u00f3n de Raza e Igualdad.<\/li>\n<li>En coordinaci\u00f3n con la profesional de investigaci\u00f3n realizar\u00e1 el trabajo de campo, realizaci\u00f3n de entrevistas, sistematizaci\u00f3n de insumos, coordinaci\u00f3n de espacios f\u00edsicos, agenda de entrevistas, contacto con organizaciones, instituciones y personas posibles para entrevistas, con el objetivo de realizar una producci\u00f3n audiovisual sobre poblaci\u00f3n afrovenezolana<\/li>\n<li>Estar\u00e1 a cargo de la producci\u00f3n de contenidos para la estrategia de comunicaciones del componente de investigaci\u00f3n: Poblaci\u00f3n afro-venezolana.<\/li>\n<li>Se encargar\u00e1 del desarrollo metodol\u00f3gico y creativo de una exposici\u00f3n itinerante, tambi\u00e9n estar\u00e1 a cargo de la realizaci\u00f3n de la estrategia de comunicaciones de este componente con el apoyo del profesional de comunicaciones de Raza e Igualdad.<\/li>\n<li>Apoyar la articulaci\u00f3n entre los\/las participantes del proceso de formaci\u00f3n, las organizaciones copartes, instituciones gubernamentales y posibles organizaciones aliadas y la entidad donante en el marco de acci\u00f3n estrat\u00e9gico de la Corporaci\u00f3n.<\/li>\n<li>Apoyar actividades para la inclusi\u00f3n de enfoque de g\u00e9nero, diferencial, interseccional, y diversidad sexual en todas sus acciones, teniendo en cuenta y respondiendo al contexto de desarrollo del proyecto, su enfoque de formaci\u00f3n, y coordinaci\u00f3n de actividades con organizaciones coparte en los territorios priorizados.<\/li>\n<li>Apoyar el dise\u00f1o, y sistematizaci\u00f3n de entrevistas, grupos focales y contenidos pedag\u00f3gicos para el proceso de investigaci\u00f3n del proyecto.<\/li>\n<li>Apoyar en armonizar la comunicaci\u00f3n con organizaciones y l\u00edderes participantes.<\/li>\n<li>Trabajar en colaboraci\u00f3n con nuestros socios, copartes locales y la Coordinaci\u00f3n de la oficina Colombia.<\/li>\n<li>Elaborar informes, reportes u otros documentos sobre las actividades desarrolladas y\/o su seguimiento, a solicitud de Rep. de la Oficina Colombia.<\/li>\n<li>En concertaci\u00f3n con la Rep. Oficina Colombia, coordinar actividades de manera concertada con otros proyectos de la Corporaci\u00f3n en Colombia y la Regi\u00f3n.<\/li>\n<\/ul>\n<ol style=\"text-align: justify;\" start=\"3\">\n<li><strong> Perfil<\/strong>: Profesional o equivalente en el \u00e1rea de ciencias sociales con experiencia comprobada en procesos de investigaci\u00f3n social o socio-jur\u00eddica. Experiencia demostrable en implementaci\u00f3n de enfoques diferenciales, en particular, enfoque \u00e9tnico y experiencia en investigaci\u00f3n o incidencia con organizaciones o personas afrodescendientes. Excelentes habilidades de redacci\u00f3n, comunicaci\u00f3n asertiva y coordinaci\u00f3n. Se valorar\u00e1 positivamente el conocimiento de herramientas audiovisuales y comunicativas para la incidencia. Se requiere disponibilidad para hacer trabajo de campo.<\/li>\n<li><strong> Fecha de Inicio: <\/strong>Inmediato.<\/li>\n<\/ol>\n<ol style=\"text-align: justify;\" start=\"5\">\n<li><strong>Tipo de Contrato y condiciones: <\/strong><\/li>\n<\/ol>\n<ul style=\"text-align: justify;\">\n<li>Contrato por prestaci\u00f3n de servicios.<\/li>\n<li>Lugar de ejecuci\u00f3n del contrato: Bogot\u00e1<\/li>\n<li>Duraci\u00f3n del contrato: 6 meses<\/li>\n<li>Valor total del contrato: a convenir seg\u00fan experiencia profesional<\/li>\n<\/ul>\n<ol style=\"text-align: justify;\" start=\"6\">\n<li><strong> Aplicaciones: <\/strong><\/li>\n<\/ol>\n<p style=\"text-align: justify;\"><strong>\u00a0<\/strong>Fecha l\u00edmite de env\u00edo de hojas de vida: 13 de marzo<\/p>\n<p style=\"text-align: justify;\">Enviar Hoja de Vida a <a href=\"becerra@oldrace.wp\">becerra@oldrace.wp<\/a> indicando el cargo a cu\u00e1l se postula: <strong>Consultor\u00eda<\/strong> <strong>en investigaci\u00f3n con enfoque \u00e9tnico.\u00a0<\/strong><\/p>\n<p style=\"text-align: justify;\">Se invita a personas afrodescendientes, mujeres y personas LGBTI a postularse.<\/p>\n<p style=\"text-align: justify;\"><strong>Raza e igualdad es un empleador que ofrece igualdad de oportunidades.<\/strong><\/p>\n<p style=\"text-align: justify;\"><strong>\u00a0<\/strong><\/p>\n<p><strong>\u00a0<\/strong><\/p>\n","protected":false},"excerpt":{"rendered":"<p>El Instituto Internacional sobre Raza, Igualdad y Derechos Humanos (Raza e Igualdad) es una organizaci\u00f3n internacional no gubernamental de defensa y protecci\u00f3n de los derechos humanos creada en 2014 que [&hellip;]<\/p>\n","protected":false},"featured_media":14795,"template":"","joblisting_location":[1248],"joblisting_type":[1256],"joblisting_status":[1266],"class_list":["post-14794","job_posting","type-job_posting","status-publish","has-post-thumbnail","hentry","joblisting_location-colombia-es","joblisting_type-contrato-es","joblisting_status-no-vigente"],"acf":[],"aioseo_notices":[],"_links":{"self":[{"href":"https:\/\/raceandequality.org\/es\/wp-json\/wp\/v2\/job_posting\/14794","targetHints":{"allow":["GET"]}}],"collection":[{"href":"https:\/\/raceandequality.org\/es\/wp-json\/wp\/v2\/job_posting"}],"about":[{"href":"https:\/\/raceandequality.org\/es\/wp-json\/wp\/v2\/types\/job_posting"}],"wp:featuredmedia":[{"embeddable":true,"href":"https:\/\/raceandequality.org\/es\/wp-json\/wp\/v2\/media\/14795"}],"wp:attachment":[{"href":"https:\/\/raceandequality.org\/es\/wp-json\/wp\/v2\/media?parent=14794"}],"wp:term":[{"taxonomy":"joblisting_location","embeddable":true,"href":"https:\/\/raceandequality.org\/es\/wp-json\/wp\/v2\/joblisting_location?post=14794"},{"taxonomy":"joblisting_type","embeddable":true,"href":"https:\/\/raceandequality.org\/es\/wp-json\/wp\/v2\/joblisting_type?post=14794"},{"taxonomy":"joblisting_status","embeddable":true,"href":"https:\/\/raceandequality.org\/es\/wp-json\/wp\/v2\/joblisting_status?post=14794"}],"curies":[{"name":"wp","href":"https:\/\/api.w.org\/{rel}","templated":true}]}}