{"id":18606,"date":"2024-06-24T18:08:27","date_gmt":"2024-06-24T18:08:27","guid":{"rendered":"https:\/\/raceandequality.org\/?post_type=job_posting&#038;p=18606"},"modified":"2025-01-07T16:37:43","modified_gmt":"2025-01-07T16:37:43","slug":"oportunidad-laboral","status":"publish","type":"job_posting","link":"https:\/\/raceandequality.org\/es\/job-posting\/oportunidad-laboral\/","title":{"rendered":"Oportunidad Laboral: Contador\/a\/e Junior"},"content":{"rendered":"<h4 style=\"text-align: center;\"><strong>OPORTUNIDAD DE TRABAJO \u00a0<\/strong><\/h4>\n<h4 style=\"text-align: center;\"><strong>Consultor\u00eda Contador\/a\/e Junior<\/strong><\/h4>\n<h4 style=\"text-align: center;\"><strong>Contrataci\u00f3n Inmediata<\/strong><\/h4>\n<p style=\"text-align: center;\"><strong>Ubicaci\u00f3n: Bogot\u00e1 Colombia<\/strong><\/p>\n<p>&nbsp;<\/p>\n<p><strong>El Instituto Internacional sobre Raza, Igualdad y Derechos Humanos (Raza e Igualdad<\/strong>), es una organizaci\u00f3n internacional no gubernamental de defensa y protecci\u00f3n de los derechos humanos creada en 2014 que trabaja con contrapartes y activistas locales en Am\u00e9rica Latina para promover y proteger los derechos humanos de poblaciones en condiciones de marginalidad, ya sea por su origen nacional o \u00e9tnico, su orientaci\u00f3n sexual o identidad de g\u00e9nero, estado socioecon\u00f3mico o discapacidad. Raza e Igualdad tiene enfoque de fortalecimiento y desarrollo de capacidades de organizaciones de base, con el objetivo de convertirse en actores pol\u00edticos que promuevan cambios estructurales en los pa\u00edses donde trabajamos. Nuestra metodolog\u00eda se basa en la capacitaci\u00f3n t\u00e9cnica, movilizaci\u00f3n comunitaria, investigaci\u00f3n y documentaci\u00f3n de violaciones a derechos humanos, litigio estrat\u00e9gico y el trabajo de incidencia pol\u00edtica a nivel nacional e internacional para lograr cambios estructurales sostenibles.<\/p>\n<p>Motivamos a la comunidad internacional, incluyendo a las Naciones Unidas y a los \u00f3rganos regionales a interesarse y reaccionar ante los problemas de discriminaci\u00f3n existentes. Nuestro programa proporciona capacitaci\u00f3n a nuestros socios para acciones de litigio estrat\u00e9gico nacional e internacional ante la Organizaci\u00f3n de los Estados Americanos (OEA), Sistema Interamericano de Derechos Humanos, as\u00ed como la promoci\u00f3n de uso y seguimiento Convenciones y mecanismos internacionales. Espec\u00edficamente seguimiento al Comit\u00e9 para la Eliminaci\u00f3n de la Discriminaci\u00f3n Racial (CERD) &#8211; Convenci\u00f3n Internacional sobre la Eliminaci\u00f3n de todas las Formas de Discriminaci\u00f3n Racial y la Convenci\u00f3n para la Eliminaci\u00f3n de Todas las Formas de Discriminaci\u00f3n contra la Mujer CEDAW.<\/p>\n<p><strong>\u00a0<\/strong><\/p>\n<p><strong>Objeto del Cargo: <\/strong>Contratar a un\/a Contador\/a Junior para apoyar las operaciones financieras y contables de la organizaci\u00f3n, asegurando la correcta gesti\u00f3n de los recursos econ\u00f3micos y el cumplimiento de las normativas fiscales, tributarias y contables aplicables.<\/p>\n<p>&nbsp;<\/p>\n<ol>\n<li><strong>Perfil Profesional y Experiencia<\/strong><\/li>\n<\/ol>\n<ul>\n<li>T\u00edtulo universitario en Contadur\u00eda P\u00fablica con su respectiva tarjeta profesional<\/li>\n<li>Conocimientos s\u00f3lidos de principios contables y normativas fiscales, NIIF, documentos electr\u00f3nicos.<\/li>\n<li>Manejo avanzado de herramientas de Microsoft Office, especialmente Excel.<\/li>\n<li>Experiencia con software contable (por ejemplo, QuickBooks, SAP, SIIGO, Word Office, etc.).<\/li>\n<li>Habilidades anal\u00edticas y atenci\u00f3n al detalle.<\/li>\n<li>Excelentes habilidades de organizaci\u00f3n y gesti\u00f3n del tiempo.<\/li>\n<li>Capacidad para trabajar en equipo y comunicarse de manera asertiva y efectiva.<\/li>\n<li>Compromiso con los valores y misi\u00f3n de Raza e Igualdad.<\/li>\n<\/ul>\n<p><strong>\u00a0<\/strong><\/p>\n<ol start=\"2\">\n<li><strong>Experiencia<\/strong><strong> laboral:<\/strong><\/li>\n<\/ol>\n<ul>\n<li>Experiencia m\u00ednima de Experiencia m\u00ednima de 2-3 a\u00f1os en posiciones similares y\/o con Organizaciones no Gubernamentales y con proyectos financiados por donantes internacionales.<\/li>\n<\/ul>\n<p><strong>\u00a0<\/strong><\/p>\n<ol start=\"3\">\n<li><strong>Funciones <\/strong><\/li>\n<li>Registrar y mantener actualizada la informaci\u00f3n contable y registros financieros de la organizaci\u00f3n, cumpliendo la normatividad vigente.<\/li>\n<li>Garantizar la oportuna recepci\u00f3n de documentos y soportes de proveedores y contratistas para efectuar pagos y los tramites para los vistos buenos requeridos.<\/li>\n<li>Preparar y presentar informes financieros peri\u00f3dicos, incluyendo balances, estados de resultados y flujo de caja.<\/li>\n<li>Manejo de plataformas bancarias, transacciones en l\u00ednea y creaci\u00f3n de cuentas de consultores y proveedores.<\/li>\n<li>Manejo eficiente y \u00f3ptimo de caja menor.<\/li>\n<li>Elaborar conciliaciones bancarias y reporte de gastos mensuales<\/li>\n<li>Colaborar en la preparaci\u00f3n de presupuestos y seguimiento de la ejecuci\u00f3n presupuestaria.<\/li>\n<li>Apoyar en la elaboraci\u00f3n de informes financieros para donantes y socios.<\/li>\n<li>Garantizar el cumplimiento de las obligaciones fiscales y tributarias, realizando las declaraciones correspondientes.<\/li>\n<li>Participar en la preparaci\u00f3n y coordinaci\u00f3n de auditor\u00edas internas y externas.<\/li>\n<li>Alimentar el archivo digital y f\u00edsico de documentaci\u00f3n contable (cuentas de cobro, pagos y soportes provenientes del pago, extractos bancarios, registros de facturaci\u00f3n electr\u00f3nica y otros)<\/li>\n<li>Elaboraci\u00f3n y revisi\u00f3n de solicitudes de anticipos.<\/li>\n<li>Velar por el cumplimiento de los procedimientos establecidos en los manuales de la Corporaci\u00f3n<\/li>\n<li>Colaborar con el equipo financiero en la implementaci\u00f3n de mejoras en los procesos contables y financieros.<\/li>\n<\/ol>\n<p>&nbsp;<\/p>\n<ol start=\"4\">\n<li><strong>Idiomas:<\/strong>\n<ul>\n<li>Excelentes habilidades de comunicaci\u00f3n oral y escrita en espa\u00f1ol<\/li>\n<\/ul>\n<\/li>\n<\/ol>\n<ol start=\"5\">\n<li><strong>Tipo de contrato y condiciones:<\/strong>\n<ul>\n<li>Contrato por prestaci\u00f3n de servicios.<\/li>\n<li>Duraci\u00f3n del contrato: 11.5 meses<\/li>\n<li>Lugar de trabajo: Bogot\u00e1 \u2013 Colombia (viajes coordinados a otras ciudades y\/o pa\u00edses)<\/li>\n<li>Honorarios: A convenir<\/li>\n<\/ul>\n<\/li>\n<\/ol>\n<ol start=\"6\">\n<li><strong>Informaci\u00f3n de aplicaci\u00f3n a la convocatoria:<\/strong><\/li>\n<\/ol>\n<ul>\n<li>Los interesadxs deben enviar hoja de vida al correo: jobs@raceandequality.org<\/li>\n<li>Fecha l\u00edmite de env\u00edo de hojas de vida: <strong>05 de julio de 2024<\/strong><\/li>\n<li>Enviar Hoja de Vida con asunto \u201cConsultor\u00eda Contador\/a Junior\u201d<\/li>\n<li>Solo las personas preseleccionadas ser\u00e1n contactadas para la entrevista<\/li>\n<\/ul>\n<p>&nbsp;<\/p>\n<p><strong>Se invita a afrodescendientes, ind\u00edgenas, otras comunidades \u00e9tnicas, mujeres y personas LGBTI a postularse<\/strong><\/p>\n<p><strong>\u00a0<\/strong><\/p>\n<p><em>Raza e igualdad es un empleador que ofrece igualdad de oportunidades.<\/em><\/p>\n<p>&nbsp;<\/p>\n","protected":false},"excerpt":{"rendered":"<p>OPORTUNIDAD DE TRABAJO \u00a0 Consultor\u00eda Contador\/a\/e Junior Contrataci\u00f3n Inmediata Ubicaci\u00f3n: Bogot\u00e1 Colombia &nbsp; El Instituto Internacional sobre Raza, Igualdad y Derechos Humanos (Raza e Igualdad), es una organizaci\u00f3n internacional no [&hellip;]<\/p>\n","protected":false},"featured_media":18607,"template":"","joblisting_location":[1248],"joblisting_type":[1256],"joblisting_status":[1266],"class_list":["post-18606","job_posting","type-job_posting","status-publish","has-post-thumbnail","hentry","joblisting_location-colombia-es","joblisting_type-contrato-es","joblisting_status-no-vigente"],"acf":[],"aioseo_notices":[],"_links":{"self":[{"href":"https:\/\/raceandequality.org\/es\/wp-json\/wp\/v2\/job_posting\/18606","targetHints":{"allow":["GET"]}}],"collection":[{"href":"https:\/\/raceandequality.org\/es\/wp-json\/wp\/v2\/job_posting"}],"about":[{"href":"https:\/\/raceandequality.org\/es\/wp-json\/wp\/v2\/types\/job_posting"}],"wp:featuredmedia":[{"embeddable":true,"href":"https:\/\/raceandequality.org\/es\/wp-json\/wp\/v2\/media\/18607"}],"wp:attachment":[{"href":"https:\/\/raceandequality.org\/es\/wp-json\/wp\/v2\/media?parent=18606"}],"wp:term":[{"taxonomy":"joblisting_location","embeddable":true,"href":"https:\/\/raceandequality.org\/es\/wp-json\/wp\/v2\/joblisting_location?post=18606"},{"taxonomy":"joblisting_type","embeddable":true,"href":"https:\/\/raceandequality.org\/es\/wp-json\/wp\/v2\/joblisting_type?post=18606"},{"taxonomy":"joblisting_status","embeddable":true,"href":"https:\/\/raceandequality.org\/es\/wp-json\/wp\/v2\/joblisting_status?post=18606"}],"curies":[{"name":"wp","href":"https:\/\/api.w.org\/{rel}","templated":true}]}}