{"id":19128,"date":"2024-10-23T14:37:40","date_gmt":"2024-10-23T14:37:40","guid":{"rendered":"https:\/\/raceandequality.org\/?post_type=job_posting&#038;p=19128"},"modified":"2025-01-09T18:20:54","modified_gmt":"2025-01-09T18:20:54","slug":"oportunidad-de-trabajo-consultoria-comunicacion","status":"publish","type":"job_posting","link":"https:\/\/raceandequality.org\/es\/job-posting\/oportunidad-de-trabajo-consultoria-comunicacion\/","title":{"rendered":"Oportunidad de trabajo: Consultor\/a\/e en Comunicaci\u00f3n"},"content":{"rendered":"<h5 style=\"text-align: center;\"><strong>OPORTUNIDAD DE TRABAJO<\/strong><\/h5>\n<h5 style=\"text-align: center;\"><strong>Consultor\/a\/e de Comunicaci\u00f3n<\/strong><\/h5>\n<h5 style=\"text-align: center;\"><strong>Instituto Internacional sobre Raza, Igualdad y Derechos Humanos<\/strong><\/h5>\n<h5 style=\"text-align: center;\"><strong>Ubicaci\u00f3n: Brasil o Colombia<\/strong><\/h5>\n<p><strong>\u00a0<\/strong><\/p>\n<p><strong>El Instituto Internacional sobre Raza, Igualdad y Derechos Humanos (Raza e Igualdad) <\/strong>es una organizaci\u00f3n internacional no gubernamental de defensa y protecci\u00f3n de los derechos humanos creada en 2014 que trabaja con contrapartes y activistas locales en Am\u00e9rica Latina para promover y proteger los derechos humanos de poblaciones en condiciones de marginalidad, ya sea por su origen nacional o \u00e9tnico, su orientaci\u00f3n sexual o identidad de g\u00e9nero, estado socioecon\u00f3mico o discapacidad. Raza e Igualdad tiene enfoque de fortalecimiento y desarrollo de capacidades de organizaciones de base, con el objetivo de convertirse en actores pol\u00edticos que promuevan cambios estructurales en los pa\u00edses donde trabajamos. Nuestra metodolog\u00eda se base en la capacitaci\u00f3n t\u00e9cnica, movilizaci\u00f3n comunitaria, investigaci\u00f3n y documentaci\u00f3n de violaciones a derechos humanos, litigio estrat\u00e9gico y el trabajo de incidencia pol\u00edtica a nivel nacional e internacional para lograr cambios estructurales sostenibles. Motivamos a la comunidad internacional a interesarse y reaccionar ante los problemas de discriminaci\u00f3n existentes. Nuestro programa proporciona capacitaci\u00f3n a nuestros socios para acciones de litigio estrat\u00e9gico nacional e internacional ante el Sistema Interamericano de Derechos Humanos (Organizaci\u00f3n de los Estados Americanos &#8211; OEA) y el Sistema Internacional de Derechos Humanos (Naciones Unidas).<\/p>\n<p>&nbsp;<\/p>\n<p>Actualmente, Raza e Igualdad est\u00e1 implementando un proyecto regional para empoderar a comunidades ind\u00edgenas y afrodescendientes en Brasil, Chile, Colombia, Costa Rica y M\u00e9xico para promover cambios legislativos en busca de una mayor equidad e inclusi\u00f3n.\u00a0 Esta iniciativa se trabajar\u00e1 con j\u00f3venes ind\u00edgenas y afrodescendientes mediante pasant\u00edas y trabajo de incidencia.<\/p>\n<p><strong>\u00a0<\/strong><\/p>\n<ol>\n<li><strong>Perfil Profesional: <\/strong><\/li>\n<\/ol>\n<p>Profesional en Comunicaci\u00f3n social, Periodismo o afines. Experiencia en dise\u00f1o e implementaci\u00f3n de campa\u00f1as informativas y\/o de incidencia en el campo de los derechos humanos, idealmente con conocimiento en enfoque \u00e9tnico racial y de juventud. Experiencia laboral de 12 meses en organizaciones sin fines de lucro. Excelentes habilidades de comunicaci\u00f3n oral y escrita en espa\u00f1ol y portugu\u00e9s, avanzada comunicaci\u00f3n escrita y oral en ingl\u00e9s es deseable.<\/p>\n<p>Adem\u00e1s, capacidad para trabajar en equipo y\u00a0para desempe\u00f1arse eficazmente en condiciones de alta exigencia. As\u00ed mismo, capaz de colaborar y trabajar bien con grupos diversos.<\/p>\n<p>&nbsp;<\/p>\n<ol start=\"2\">\n<li><strong>Tipo de Contrato y condiciones: <\/strong><\/li>\n<\/ol>\n<ul>\n<li>Contrato por prestaci\u00f3n de servicios.<\/li>\n<li>Periodo de prueba: 3 meses.<\/li>\n<li>Duraci\u00f3n del contrato: 11 meses y 15 d\u00edas.<\/li>\n<li>Lugar de trabajo: radicado\/a\/e en Rio de Janeiro, Brasil o en Bogot\u00e1, Colombia.<\/li>\n<li>Remuneraci\u00f3n: A consensuarse.<\/li>\n<\/ul>\n<p>&nbsp;<\/p>\n<ol start=\"3\">\n<li><strong>Aplicaci\u00f3n: <\/strong><\/li>\n<\/ol>\n<ul>\n<li>Enviar hoja de vida a <strong><a href=\"mailto:jobs@raceandequality.org\">jobs@raceandequality.org<\/a><\/strong> con el asunto \u201cVacante Consultor\/a\/e Medios Juventud \u00c9tnica 2024\u201d<\/li>\n<li>Fecha l\u00edmite para aplicar: 22 de noviembre de 2024<\/li>\n<\/ul>\n<p>&nbsp;<\/p>\n<p style=\"text-align: center;\"><strong>Personas ind\u00edgenas, afrodescendientes, mujeres y LGBTI <\/strong><\/p>\n<p style=\"text-align: center;\"><strong>est\u00e1n especialmente invitades a postularse.<\/strong><\/p>\n","protected":false},"excerpt":{"rendered":"<p>OPORTUNIDAD DE TRABAJO Consultor\/a\/e de Comunicaci\u00f3n Instituto Internacional sobre Raza, Igualdad y Derechos Humanos Ubicaci\u00f3n: Brasil o Colombia \u00a0 El Instituto Internacional sobre Raza, Igualdad y Derechos Humanos (Raza e [&hellip;]<\/p>\n","protected":false},"featured_media":19129,"template":"","joblisting_location":[1252],"joblisting_type":[1256],"joblisting_status":[1266],"class_list":["post-19128","job_posting","type-job_posting","status-publish","has-post-thumbnail","hentry","joblisting_location-america-latina","joblisting_type-contrato-es","joblisting_status-no-vigente"],"acf":[],"aioseo_notices":[],"_links":{"self":[{"href":"https:\/\/raceandequality.org\/es\/wp-json\/wp\/v2\/job_posting\/19128","targetHints":{"allow":["GET"]}}],"collection":[{"href":"https:\/\/raceandequality.org\/es\/wp-json\/wp\/v2\/job_posting"}],"about":[{"href":"https:\/\/raceandequality.org\/es\/wp-json\/wp\/v2\/types\/job_posting"}],"wp:featuredmedia":[{"embeddable":true,"href":"https:\/\/raceandequality.org\/es\/wp-json\/wp\/v2\/media\/19129"}],"wp:attachment":[{"href":"https:\/\/raceandequality.org\/es\/wp-json\/wp\/v2\/media?parent=19128"}],"wp:term":[{"taxonomy":"joblisting_location","embeddable":true,"href":"https:\/\/raceandequality.org\/es\/wp-json\/wp\/v2\/joblisting_location?post=19128"},{"taxonomy":"joblisting_type","embeddable":true,"href":"https:\/\/raceandequality.org\/es\/wp-json\/wp\/v2\/joblisting_type?post=19128"},{"taxonomy":"joblisting_status","embeddable":true,"href":"https:\/\/raceandequality.org\/es\/wp-json\/wp\/v2\/joblisting_status?post=19128"}],"curies":[{"name":"wp","href":"https:\/\/api.w.org\/{rel}","templated":true}]}}