{"id":17418,"date":"2023-08-31T22:58:34","date_gmt":"2023-08-31T22:58:34","guid":{"rendered":"https:\/\/raceandequality.org\/?p=17418"},"modified":"2023-08-31T23:01:47","modified_gmt":"2023-08-31T23:01:47","slug":"oportunidad-de-trabajo-profesional-acompanamiento-pedagogico-escuela-de-formacion-ancestral-mali-ya-weusi","status":"publish","type":"post","link":"https:\/\/raceandequality.org\/es\/oportunidad-de-trabajo-profesional-acompanamiento-pedagogico-escuela-de-formacion-ancestral-mali-ya-weusi\/","title":{"rendered":"OPORTUNIDAD DE TRABAJO \u2013 Profesional Acompa\u00f1amiento pedag\u00f3gico \u2013 Escuela de Formaci\u00f3n Ancestral \u201cMali Ya Weusi\u201d\u00a0"},"content":{"rendered":"<p style=\"text-align: center;\" aria-level=\"1\"><b><span data-contrast=\"auto\">OPORTUNIDAD DE TRABAJO \u2013 Profesional Acompa\u00f1amiento pedag\u00f3gico \u2013 Escuela de Formaci\u00f3n Ancestral \u201cMali Ya Weusi\u201d<\/span><\/b><span data-ccp-props=\"{&quot;134245417&quot;:false,&quot;201341983&quot;:0,&quot;335551550&quot;:2,&quot;335551620&quot;:2,&quot;335559685&quot;:1301,&quot;335559737&quot;:966,&quot;335559738&quot;:93,&quot;335559740&quot;:261}\">\u00a0<\/span><\/p>\n<p style=\"text-align: center;\"><b><span data-contrast=\"auto\">Contrataci\u00f3n Inmediata<\/span><\/b><span data-ccp-props=\"{&quot;134245417&quot;:false,&quot;335551550&quot;:2,&quot;335551620&quot;:2,&quot;335559685&quot;:1301,&quot;335559737&quot;:966,&quot;335559738&quot;:83}\">\u00a0<\/span><\/p>\n<p style=\"text-align: center;\" aria-level=\"1\"><b><span data-contrast=\"auto\">Corporaci\u00f3n Instituto Internacional de Raza, Igualdad y Derechos Humanos Ubicaci\u00f3n: Bogot\u00e1, Colombia.<\/span><\/b><span data-ccp-props=\"{&quot;134245417&quot;:false,&quot;201341983&quot;:0,&quot;335551550&quot;:2,&quot;335551620&quot;:2,&quot;335559685&quot;:1301,&quot;335559737&quot;:968,&quot;335559738&quot;:24,&quot;335559740&quot;:261}\">\u00a0<\/span><\/p>\n<p><b><span data-contrast=\"auto\">El Instituto Internacional sobre Raza, Igualdad y Derechos Humanos (Raza e Igualdad) <\/span><\/b><span data-contrast=\"auto\">es una organizaci\u00f3n internacional no gubernamental de defensa y protecci\u00f3n de los derechos humanos creada en 2014 que trabaja con contrapartes y activistas locales en Am\u00e9rica Latina para promover y proteger los derechos humanos de poblaciones en condiciones de marginalidad, ya sea por su origen nacional o \u00e9tnico, su orientaci\u00f3n sexual o identidad de g\u00e9nero, estado socioecon\u00f3mico o discapacidad. Raza e Igualdad tiene enfoque de fortalecimiento y desarrollo de capacidades de organizaciones de base, con el objetivo de convertirse en actores pol\u00edticos que promuevan cambios estructurales en los pa\u00edses donde trabajamos. Nuestra metodolog\u00eda se base en la capacitaci\u00f3n t\u00e9cnica, movilizaci\u00f3n comunitaria, investigaci\u00f3n y documentaci\u00f3n de violaciones a derechos humanos, litigio estrat\u00e9gico y el trabajo de incidencia pol\u00edtica a nivel nacional e internacional para lograr cambios estructurales sostenibles. Motivamos a la comunidad internacional, incluyendo a las Naciones Unidas y a los \u00f3rganos regionales a interesarse y reaccionar ante los problemas de discriminaci\u00f3n existentes. Nuestro programa proporciona capacitaci\u00f3n a nuestros socios para acciones de litigio estrat\u00e9gico nacional e internacional ante la Organizaci\u00f3n de los Estados Americanos (OEA), Sistema Interamericano de Derechos Humanos, as\u00ed como la promoci\u00f3n de uso y seguimiento Convenciones y mecanismos internacionales. Espec\u00edficamente seguimiento al Comit\u00e9 para la Eliminaci\u00f3n de la Discriminaci\u00f3n Racial (CERD) &#8211; Convenci\u00f3n Internacional sobre la Eliminaci\u00f3n de todas las Formas de Discriminaci\u00f3n Racial y la Convenci\u00f3n para la Eliminaci\u00f3n de Todas las Formas de Discriminaci\u00f3n contra la Mujer CEDAW.<\/span><span data-ccp-props=\"{&quot;134245417&quot;:false,&quot;201341983&quot;:0,&quot;335551550&quot;:6,&quot;335551620&quot;:6,&quot;335559685&quot;:460,&quot;335559737&quot;:104,&quot;335559738&quot;:172,&quot;335559740&quot;:259}\">\u00a0<\/span><\/p>\n<p><b><span data-contrast=\"auto\">Objeto del Cargo: <\/span><\/b>P<span data-contrast=\"auto\">articipar en la implementaci\u00f3n del proyecto de la Escuela de Formaci\u00f3n Ancestral \u201c\u201cMali Ya Weusi\u201d dirigida a j\u00f3venes afrocolombianos en el Distrito de Aguablanca, Cali, en colaboraci\u00f3n con la organizaci\u00f3n Afrodes-Cali. El proyecto tiene como objetivo principal empoderar a j\u00f3venes afrocolombianos del Semillero de Jovenes de Afrodes a trav\u00e9s de la creaci\u00f3n del proyecto piloto Escuela de Formaci\u00f3n Ancestral.<\/span><\/p>\n<p><b><span data-contrast=\"auto\">Perfil Profesional y Experiencia<\/span><\/b><span data-ccp-props=\"{&quot;134245417&quot;:false,&quot;335551550&quot;:1,&quot;335551620&quot;:1,&quot;335559738&quot;:65,&quot;335559991&quot;:341,&quot;469777462&quot;:[526],&quot;469777927&quot;:[0],&quot;469777928&quot;:[1]}\">\u00a0<\/span><\/p>\n<p><span data-contrast=\"auto\">T\u00edtulo universitario en una disciplina relevante en Ciencias Sociales, pedagog\u00eda, y\/o humanidades. Conocimiento y experiencia previa en la implementaci\u00f3n de proyectos similares, especialmente en el \u00e1mbito de la educaci\u00f3n y empoderamiento juvenil desde enfoques \u00e9tnico diferenciales. Conocimiento y experiencia demostrable en procesos pedag\u00f3gicos con j\u00f3venes afrocolombianos. Experiencia demostrable en proyectos de educaci\u00f3n popular, preferiblemente enfocados en comunidades afrocolombianas. Conocimiento profundo de la historia y la cultura afrocolombiana, as\u00ed como de las problem\u00e1ticas que enfrentan las v\u00edctimas del conflicto en la regi\u00f3n. Habilidad para trabajar con j\u00f3venes. Experiencia en el dise\u00f1o y la implementaci\u00f3n de planes pedag\u00f3gicos participativos. Habilidades de comunicaci\u00f3n y capacidad para trabajar en equipo.<\/span><span data-ccp-props=\"{&quot;134245417&quot;:false,&quot;201341983&quot;:0,&quot;335551550&quot;:6,&quot;335551620&quot;:6,&quot;335559685&quot;:360,&quot;335559737&quot;:105,&quot;335559740&quot;:259}\">\u00a0<\/span><\/p>\n<p aria-level=\"1\"><b><span data-contrast=\"auto\">Experiencia laboral:<\/span><\/b><span data-ccp-props=\"{&quot;134245417&quot;:false,&quot;335559685&quot;:100}\">\u00a0<\/span><\/p>\n<ul>\n<li data-leveltext=\"\uf0b7\" data-font=\"Symbol\" data-listid=\"2\" data-list-defn-props=\"{&quot;335551671&quot;:0,&quot;335552541&quot;:1,&quot;335559684&quot;:-2,&quot;335559685&quot;:821,&quot;335559991&quot;:276,&quot;469769226&quot;:&quot;Symbol&quot;,&quot;469769242&quot;:[8226],&quot;469777803&quot;:&quot;left&quot;,&quot;469777804&quot;:&quot;\uf0b7&quot;,&quot;469777815&quot;:&quot;hybridMultilevel&quot;}\" aria-setsize=\"-1\" data-aria-posinset=\"0\" data-aria-level=\"2\"><span data-contrast=\"auto\">Experiencia m\u00ednima de 2 a\u00f1os en trabajo con Organizaciones no Gubernamentales y con proyectos financiados por donantes internacionales.<\/span><span data-ccp-props=\"{&quot;134245417&quot;:false,&quot;201341983&quot;:0,&quot;335559737&quot;:117,&quot;335559738&quot;:178,&quot;335559740&quot;:259,&quot;335559991&quot;:361,&quot;469777462&quot;:[736],&quot;469777927&quot;:[0],&quot;469777928&quot;:[1]}\">\u00a0<\/span><\/li>\n<li data-leveltext=\"\uf0b7\" data-font=\"Symbol\" data-listid=\"2\" data-list-defn-props=\"{&quot;335551671&quot;:0,&quot;335552541&quot;:1,&quot;335559684&quot;:-2,&quot;335559685&quot;:821,&quot;335559991&quot;:276,&quot;469769226&quot;:&quot;Symbol&quot;,&quot;469769242&quot;:[8226],&quot;469777803&quot;:&quot;left&quot;,&quot;469777804&quot;:&quot;\uf0b7&quot;,&quot;469777815&quot;:&quot;hybridMultilevel&quot;}\" aria-setsize=\"-1\" data-aria-posinset=\"0\" data-aria-level=\"2\"><span data-contrast=\"auto\">Experiencia en procesos de dise\u00f1o de programas pedag\u00f3gicos con j\u00f3venes.<\/span><span data-ccp-props=\"{&quot;134245417&quot;:false,&quot;201341983&quot;:1,&quot;335559685&quot;:736,&quot;335559740&quot;:294,&quot;469777462&quot;:[736],&quot;469777927&quot;:[0],&quot;469777928&quot;:[1]}\">\u00a0<\/span><\/li>\n<\/ul>\n<p aria-level=\"1\"><b><span data-contrast=\"auto\">Descripci\u00f3n de funciones y responsabilidades a su cargo<\/span><\/b><span data-ccp-props=\"{&quot;134245417&quot;:false,&quot;335551550&quot;:6,&quot;335551620&quot;:6,&quot;335559685&quot;:360,&quot;335559738&quot;:182}\">\u00a0<\/span><\/p>\n<ul>\n<li data-leveltext=\"\uf0b7\" data-font=\"Symbol\" data-listid=\"2\" data-list-defn-props=\"{&quot;335552541&quot;:1,&quot;335559684&quot;:-2,&quot;335559685&quot;:1081,&quot;335559991&quot;:360,&quot;469769226&quot;:&quot;Symbol&quot;,&quot;469769242&quot;:[8226],&quot;469777803&quot;:&quot;left&quot;,&quot;469777804&quot;:&quot;\uf0b7&quot;,&quot;469777815&quot;:&quot;hybridMultilevel&quot;}\" aria-setsize=\"-1\" data-aria-posinset=\"1\" data-aria-level=\"3\"><span data-contrast=\"auto\">Apoyar log\u00edstica y administrativamente las actividades del proyecto.<\/span><span data-ccp-props=\"{&quot;134245417&quot;:false,&quot;469777462&quot;:[1080,1081],&quot;469777927&quot;:[0,0],&quot;469777928&quot;:[1,1]}\">\u00a0<\/span><\/li>\n<li data-leveltext=\"\uf0b7\" data-font=\"Symbol\" data-listid=\"2\" data-list-defn-props=\"{&quot;335552541&quot;:1,&quot;335559684&quot;:-2,&quot;335559685&quot;:1081,&quot;335559991&quot;:360,&quot;469769226&quot;:&quot;Symbol&quot;,&quot;469769242&quot;:[8226],&quot;469777803&quot;:&quot;left&quot;,&quot;469777804&quot;:&quot;\uf0b7&quot;,&quot;469777815&quot;:&quot;hybridMultilevel&quot;}\" aria-setsize=\"-1\" data-aria-posinset=\"2\" data-aria-level=\"3\"><span data-contrast=\"auto\">Atender las solicitudes relacionadas con el objeto de su contrato, que haga la coordinaci\u00f3n y los miembros del equipo.<\/span><span data-ccp-props=\"{&quot;134245417&quot;:false,&quot;201341983&quot;:0,&quot;335559737&quot;:401,&quot;335559738&quot;:22,&quot;335559740&quot;:259,&quot;469777462&quot;:[1080,1081],&quot;469777927&quot;:[0,0],&quot;469777928&quot;:[1,1]}\">\u00a0<\/span><\/li>\n<li data-leveltext=\"\uf0b7\" data-font=\"Symbol\" data-listid=\"2\" data-list-defn-props=\"{&quot;335552541&quot;:1,&quot;335559684&quot;:-2,&quot;335559685&quot;:1081,&quot;335559991&quot;:360,&quot;469769226&quot;:&quot;Symbol&quot;,&quot;469769242&quot;:[8226],&quot;469777803&quot;:&quot;left&quot;,&quot;469777804&quot;:&quot;\uf0b7&quot;,&quot;469777815&quot;:&quot;hybridMultilevel&quot;}\" aria-setsize=\"-1\" data-aria-posinset=\"3\" data-aria-level=\"3\"><span data-contrast=\"auto\">Coordinar eventos, actividades y dem\u00e1s relacionadas con la creaci\u00f3n y puesta en marcha de la Escuela<\/span><span data-ccp-props=\"{&quot;134233117&quot;:false,&quot;134233118&quot;:false,&quot;134245417&quot;:false,&quot;201341983&quot;:0,&quot;335551550&quot;:1,&quot;335551620&quot;:1,&quot;335559685&quot;:1081,&quot;335559737&quot;:378,&quot;335559738&quot;:0,&quot;335559739&quot;:0,&quot;335559740&quot;:259,&quot;335559991&quot;:360,&quot;469777462&quot;:[1080,1081],&quot;469777927&quot;:[0,0],&quot;469777928&quot;:[1,1]}\">\u00a0<\/span><\/li>\n<li data-leveltext=\"\uf0b7\" data-font=\"Symbol\" data-listid=\"2\" data-list-defn-props=\"{&quot;335552541&quot;:1,&quot;335559684&quot;:-2,&quot;335559685&quot;:1081,&quot;335559991&quot;:360,&quot;469769226&quot;:&quot;Symbol&quot;,&quot;469769242&quot;:[8226],&quot;469777803&quot;:&quot;left&quot;,&quot;469777804&quot;:&quot;\uf0b7&quot;,&quot;469777815&quot;:&quot;hybridMultilevel&quot;}\" aria-setsize=\"-1\" data-aria-posinset=\"4\" data-aria-level=\"3\"><span data-contrast=\"auto\">Evaluar el progreso de los j\u00f3venes y el impacto del proyecto en la comunidad.<\/span><\/li>\n<li data-leveltext=\"\uf0b7\" data-font=\"Symbol\" data-listid=\"2\" data-list-defn-props=\"{&quot;335552541&quot;:1,&quot;335559684&quot;:-2,&quot;335559685&quot;:1081,&quot;335559991&quot;:360,&quot;469769226&quot;:&quot;Symbol&quot;,&quot;469769242&quot;:[8226],&quot;469777803&quot;:&quot;left&quot;,&quot;469777804&quot;:&quot;\uf0b7&quot;,&quot;469777815&quot;:&quot;hybridMultilevel&quot;}\" aria-setsize=\"-1\" data-aria-posinset=\"4\" data-aria-level=\"3\">Realizar el dise\u00f1o metodol\u00f3gico y pedag\u00f3gico de la Escuela de Formaci\u00f3n Ancestral.<span data-ccp-props=\"{&quot;134245417&quot;:false,&quot;201341983&quot;:0,&quot;335559737&quot;:704,&quot;335559738&quot;:15,&quot;335559740&quot;:254,&quot;469777462&quot;:[1080,1081],&quot;469777927&quot;:[0,0],&quot;469777928&quot;:[1,1]}\">\u00a0<\/span><\/li>\n<\/ul>\n<p><b><\/b><b><span data-contrast=\"auto\">Fecha de Inicio<\/span><\/b><span data-contrast=\"auto\">: Inmediato.<\/span><\/p>\n<p aria-level=\"1\"><b><span data-contrast=\"auto\">Tipo de Contrato y condiciones:<\/span><\/b><span data-ccp-props=\"{&quot;134245417&quot;:false,&quot;335551550&quot;:6,&quot;335551620&quot;:6,&quot;335559685&quot;:460,&quot;335559738&quot;:1}\">\u00a0<\/span><\/p>\n<ul>\n<li data-leveltext=\"\uf0b7\" data-font=\"Symbol\" data-listid=\"2\" data-list-defn-props=\"{&quot;335551671&quot;:0,&quot;335552541&quot;:1,&quot;335559684&quot;:-2,&quot;335559685&quot;:821,&quot;335559991&quot;:276,&quot;469769226&quot;:&quot;Symbol&quot;,&quot;469769242&quot;:[8226],&quot;469777803&quot;:&quot;left&quot;,&quot;469777804&quot;:&quot;\uf0b7&quot;,&quot;469777815&quot;:&quot;hybridMultilevel&quot;}\" aria-setsize=\"-1\" data-aria-posinset=\"0\" data-aria-level=\"2\"><span data-contrast=\"auto\">Contrato por prestaci\u00f3n de servicios.<\/span><span data-ccp-props=\"{&quot;134245417&quot;:false,&quot;335559685&quot;:1181,&quot;335559738&quot;:168,&quot;335559991&quot;:360,&quot;469777462&quot;:[1180,1181],&quot;469777927&quot;:[0,0],&quot;469777928&quot;:[1,1]}\">\u00a0<\/span><\/li>\n<li data-leveltext=\"\uf0b7\" data-font=\"Symbol\" data-listid=\"2\" data-list-defn-props=\"{&quot;335551671&quot;:0,&quot;335552541&quot;:1,&quot;335559684&quot;:-2,&quot;335559685&quot;:821,&quot;335559991&quot;:276,&quot;469769226&quot;:&quot;Symbol&quot;,&quot;469769242&quot;:[8226],&quot;469777803&quot;:&quot;left&quot;,&quot;469777804&quot;:&quot;\uf0b7&quot;,&quot;469777815&quot;:&quot;hybridMultilevel&quot;}\" aria-setsize=\"-1\" data-aria-posinset=\"0\" data-aria-level=\"2\"><span data-contrast=\"auto\">Duraci\u00f3n del contrato: 12 meses.<\/span><\/li>\n<li data-leveltext=\"\uf0b7\" data-font=\"Symbol\" data-listid=\"2\" data-list-defn-props=\"{&quot;335551671&quot;:0,&quot;335552541&quot;:1,&quot;335559684&quot;:-2,&quot;335559685&quot;:821,&quot;335559991&quot;:276,&quot;469769226&quot;:&quot;Symbol&quot;,&quot;469769242&quot;:[8226],&quot;469777803&quot;:&quot;left&quot;,&quot;469777804&quot;:&quot;\uf0b7&quot;,&quot;469777815&quot;:&quot;hybridMultilevel&quot;}\" aria-setsize=\"-1\" data-aria-posinset=\"0\" data-aria-level=\"2\"><span data-contrast=\"auto\">Lugar de trabajo: Cali<\/span><span data-ccp-props=\"{&quot;134245417&quot;:false,&quot;335559685&quot;:1181,&quot;335559738&quot;:6,&quot;335559991&quot;:360,&quot;469777462&quot;:[1180,1181],&quot;469777927&quot;:[0,0],&quot;469777928&quot;:[1,1]}\">\u00a0<\/span><\/li>\n<\/ul>\n<p aria-level=\"1\"><b><span data-contrast=\"auto\">Informaci\u00f3n de Aplicaci\u00f3n a la Convocatoria:<\/span><\/b><span data-ccp-props=\"{&quot;134245417&quot;:false,&quot;335559685&quot;:460,&quot;335559738&quot;:92}\">\u00a0<\/span><\/p>\n<ul>\n<li data-leveltext=\"\u2022\" data-font=\"Arial MT\" data-listid=\"1\" data-list-defn-props=\"{&quot;335552541&quot;:1,&quot;335559684&quot;:-2,&quot;335559685&quot;:460,&quot;335559991&quot;:360,&quot;469769226&quot;:&quot;Arial MT&quot;,&quot;469769242&quot;:[8226],&quot;469777803&quot;:&quot;left&quot;,&quot;469777804&quot;:&quot;\u2022&quot;,&quot;469777815&quot;:&quot;hybridMultilevel&quot;}\" aria-setsize=\"-1\" data-aria-posinset=\"1\" data-aria-level=\"1\"><span data-contrast=\"auto\">Fecha l\u00edmite de env\u00edo de hojas de vida: 08 de Septiembre de 2023<\/span><span data-ccp-props=\"{&quot;134233117&quot;:false,&quot;134233118&quot;:false,&quot;134245417&quot;:false,&quot;201341983&quot;:0,&quot;335551550&quot;:1,&quot;335551620&quot;:1,&quot;335559685&quot;:460,&quot;335559737&quot;:0,&quot;335559738&quot;:165,&quot;335559739&quot;:0,&quot;335559740&quot;:259,&quot;335559991&quot;:361,&quot;469777462&quot;:[460,461],&quot;469777927&quot;:[0,0],&quot;469777928&quot;:[1,1]}\">\u00a0<\/span><\/li>\n<li data-leveltext=\"\u2022\" data-font=\"Arial MT\" data-listid=\"1\" data-list-defn-props=\"{&quot;335552541&quot;:1,&quot;335559684&quot;:-2,&quot;335559685&quot;:460,&quot;335559991&quot;:360,&quot;469769226&quot;:&quot;Arial MT&quot;,&quot;469769242&quot;:[8226],&quot;469777803&quot;:&quot;left&quot;,&quot;469777804&quot;:&quot;\u2022&quot;,&quot;469777815&quot;:&quot;hybridMultilevel&quot;}\" aria-setsize=\"-1\" data-aria-posinset=\"2\" data-aria-level=\"1\"><span data-contrast=\"auto\">Enviar Hoja de Vida a jobs@raceandequality.org con asunto \u201cCoordinaci\u00f3n EFA &#8211; Colombia\u201d<\/span><span data-ccp-props=\"{&quot;134245417&quot;:false,&quot;335559738&quot;:4,&quot;335559991&quot;:361,&quot;469777462&quot;:[460,461],&quot;469777927&quot;:[0,0],&quot;469777928&quot;:[1,1]}\">\u00a0<\/span><\/li>\n<li data-leveltext=\"\u2022\" data-font=\"Arial MT\" data-listid=\"1\" data-list-defn-props=\"{&quot;335552541&quot;:1,&quot;335559684&quot;:-2,&quot;335559685&quot;:460,&quot;335559991&quot;:360,&quot;469769226&quot;:&quot;Arial MT&quot;,&quot;469769242&quot;:[8226],&quot;469777803&quot;:&quot;left&quot;,&quot;469777804&quot;:&quot;\u2022&quot;,&quot;469777815&quot;:&quot;hybridMultilevel&quot;}\" aria-setsize=\"-1\" data-aria-posinset=\"3\" data-aria-level=\"1\"><span data-contrast=\"auto\">Solo las personas preseleccionadas ser\u00e1n contactadas para la entrevista<\/span><span data-ccp-props=\"{&quot;134245417&quot;:false,&quot;335559738&quot;:4,&quot;335559991&quot;:361,&quot;469777462&quot;:[460,461],&quot;469777927&quot;:[0,0],&quot;469777928&quot;:[1,1]}\">\u00a0<\/span><\/li>\n<\/ul>\n<p aria-level=\"1\"><b><span data-contrast=\"auto\">Se invita a afrodescendientes, mujeres y personas LGBTI a postularse<\/span><\/b><span data-ccp-props=\"{&quot;134245417&quot;:false,&quot;335559685&quot;:450}\"> .<\/span><span data-ccp-props=\"{&quot;134245417&quot;:false}\">\u00a0<\/span><\/p>\n<p><b><i><span data-contrast=\"auto\">Raza e igualdad es un empleador que ofrece igualdad de oportunidades.<\/span><\/i><\/b><span data-ccp-props=\"{&quot;134245417&quot;:false,&quot;335559685&quot;:936,&quot;335559738&quot;:212}\">\u00a0<\/span><\/p>\n<p><span data-ccp-props=\"{&quot;134245417&quot;:false}\">\u00a0<\/span><\/p>\n","protected":false},"excerpt":{"rendered":"<p>OPORTUNIDAD DE TRABAJO \u2013 Profesional Acompa\u00f1amiento pedag\u00f3gico \u2013 Escuela de Formaci\u00f3n Ancestral \u201cMali Ya Weusi\u201d\u00a0 Contrataci\u00f3n Inmediata\u00a0 Corporaci\u00f3n Instituto Internacional de Raza, Igualdad y Derechos Humanos Ubicaci\u00f3n: Bogot\u00e1, Colombia.\u00a0 El [&hellip;]<\/p>\n","protected":false},"author":11,"featured_media":17419,"comment_status":"open","ping_status":"open","sticky":false,"template":"","format":"standard","meta":{"_acf_changed":false,"_uf_show_specific_survey":0,"_uf_disable_surveys":false,"footnotes":""},"categories":[1079],"tags":[],"class_list":["post-17418","post","type-post","status-publish","format-standard","has-post-thumbnail","hentry","category-sin-categorizar"],"acf":[],"aioseo_notices":[],"_links":{"self":[{"href":"https:\/\/raceandequality.org\/es\/wp-json\/wp\/v2\/posts\/17418","targetHints":{"allow":["GET"]}}],"collection":[{"href":"https:\/\/raceandequality.org\/es\/wp-json\/wp\/v2\/posts"}],"about":[{"href":"https:\/\/raceandequality.org\/es\/wp-json\/wp\/v2\/types\/post"}],"author":[{"embeddable":true,"href":"https:\/\/raceandequality.org\/es\/wp-json\/wp\/v2\/users\/11"}],"replies":[{"embeddable":true,"href":"https:\/\/raceandequality.org\/es\/wp-json\/wp\/v2\/comments?post=17418"}],"version-history":[{"count":0,"href":"https:\/\/raceandequality.org\/es\/wp-json\/wp\/v2\/posts\/17418\/revisions"}],"wp:featuredmedia":[{"embeddable":true,"href":"https:\/\/raceandequality.org\/es\/wp-json\/wp\/v2\/media\/17419"}],"wp:attachment":[{"href":"https:\/\/raceandequality.org\/es\/wp-json\/wp\/v2\/media?parent=17418"}],"wp:term":[{"taxonomy":"category","embeddable":true,"href":"https:\/\/raceandequality.org\/es\/wp-json\/wp\/v2\/categories?post=17418"},{"taxonomy":"post_tag","embeddable":true,"href":"https:\/\/raceandequality.org\/es\/wp-json\/wp\/v2\/tags?post=17418"}],"curies":[{"name":"wp","href":"https:\/\/api.w.org\/{rel}","templated":true}]}}