{"id":18388,"date":"2024-05-25T02:14:00","date_gmt":"2024-05-25T02:14:00","guid":{"rendered":"https:\/\/raceandequality.org\/?post_type=job_posting&#038;p=18388"},"modified":"2024-05-25T02:14:00","modified_gmt":"2024-05-25T02:14:00","slug":"consultoria-participacao-politica-lbti","status":"publish","type":"job_posting","link":"https:\/\/raceandequality.org\/pt-br\/job-posting\/consultoria-participacao-politica-lbti\/","title":{"rendered":"Consultoria sobre Participa\u00e7\u00e3o Pol\u00edtica de Mulheres Negras LBTI"},"content":{"rendered":"<p style=\"text-align: center;\"><strong>OPORTUNIDADE DE TRABALHO<\/strong><\/p>\n<p>&nbsp;<\/p>\n<p style=\"text-align: center;\"><strong>Consultoria sobre Participa\u00e7\u00e3o Pol\u00edtica de Mulheres Negras LBTI<\/strong><\/p>\n<p>&nbsp;<\/p>\n<p style=\"text-align: center;\"><strong>Localiza\u00e7\u00e3o: Rio de Janeiro &#8211; Brasil<\/strong><\/p>\n<p>&nbsp;<\/p>\n<p>O Instituto Internacional sobre Ra\u00e7a, Igualdade e Direitos Humanos \u00e9 uma organiza\u00e7\u00e3o internacional de prote\u00e7\u00e3o dos direitos humanos fundada em 2015, que trabalha com ativistas locais na Am\u00e9rica Latina para construir movimentos populares que promovam a prote\u00e7\u00e3o dos direitos das popula\u00e7\u00f5es marginalizadas por seu g\u00eanero, ra\u00e7a, etnia, status socioecon\u00f4mico, orienta\u00e7\u00e3o sexual, identidade de g\u00eanero ou defici\u00eancia.<\/p>\n<p>&nbsp;<\/p>\n<p>Ra\u00e7a e Igualdade adota uma abordagem proativa para desenvolver a capacidade de suas organiza\u00e7\u00f5es parceiras e promover os direitos de pessoas afro-latinas, LGBTI, povos ind\u00edgenas, mulheres e outros grupos marginalizados. Usamos uma combina\u00e7\u00e3o de lit\u00edgio, mobiliza\u00e7\u00e3o da comunidade, relat\u00f3rios de direitos humanos, pesquisa e incid\u00eancia em n\u00edvel nacional e internacional, o que nos permite unir nossos parceiros para desenvolver e implementar estrat\u00e9gias para mudan\u00e7as sociais, culturais e pol\u00edticas. Um aspecto fundamental desse trabalho concentra-se na expans\u00e3o do papel das ONGs que representam as comunidades marginalizadas em n\u00edvel regional. Por essa raz\u00e3o, nosso programa inclui o fortalecimento da capacidade de nossas organiza\u00e7\u00f5es parceiras para defender a plena e completa incorpora\u00e7\u00e3o de temas de discrimina\u00e7\u00e3o e racismo na Organiza\u00e7\u00e3o dos Estados Americanos (OEA) e lit\u00edgio dentro do Sistema Interamericano de Direitos Humanos, em coordena\u00e7\u00e3o com o lit\u00edgio nacional, promo\u00e7\u00e3o de pol\u00edticas e mobiliza\u00e7\u00e3o comunit\u00e1ria.<\/p>\n<p>&nbsp;<\/p>\n<p><strong>Descri\u00e7\u00e3o do trabalho: <\/strong>Trabalhando em colabora\u00e7\u00e3o com nossas organiza\u00e7\u00f5es parceiras, outros Oficiais de Projeto, Diretor do Programa Brasil e o Diretor Executivo, a pessoa que prestar\u00e1 a consultoria apoiar\u00e1 o Instituto no Brasil e ajudar\u00e1 a implementar nossos projetos no pa\u00eds, sendo respons\u00e1vel por um projeto futuro a respeito de participa\u00e7\u00e3o e capacita\u00e7\u00e3o pol\u00edtica de mulheres negras LBTI. Isso inclui a documenta\u00e7\u00e3o de viola\u00e7\u00f5es dos direitos humanos e o trabalho jur\u00eddico e de defesa junto ao Sistema Interamericano de Direitos Humanos e ao Sistema Universal de Direitos Humanos. Outras responsabilidades incluem: apoio em workshops e cursos sobre direitos humanos para nossas organiza\u00e7\u00f5es parceiras; acompanhamento no contencioso nacional e internacional; prepara\u00e7\u00e3o de relat\u00f3rios sobre a situa\u00e7\u00e3o dos direitos humanos no pa\u00eds; e elabora\u00e7\u00e3o relat\u00f3rios de impacto do programa, incluindo aspectos administrativos e log\u00edsticos.<\/p>\n<p>&nbsp;<\/p>\n<p><strong>Qualifica\u00e7\u00f5es: <\/strong>\u00c9 necess\u00e1rio ter 3-5 anos de experi\u00eancia e conhecimento direitos humanos; capacidade de racioc\u00ednio pol\u00edtico maduro e conhecimento do contexto pol\u00edtico e socioecon\u00f4mico do Brasil; conhecimento\/experi\u00eancia em quest\u00f5es de discrimina\u00e7\u00e3o racial, \u00e9tnica e LGBTI no pa\u00eds em especial de mulheres negras LBTI; conhecimento\/experi\u00eancia sobre os direitos das mulheres negras e sobre o movimento feminista; capacidade demonstrada de compreender e trabalhar quest\u00f5es de g\u00eanero e sexualidade; habilidades desenvolvidas de reda\u00e7\u00e3o e pesquisa; ser\u00e1 valorizado conhecimento sobre os Sistemas Interamericano e das Na\u00e7\u00f5es Unidas. Habilidades para trabalhar sob press\u00e3o de tempo ser\u00e1 valorizada. O cargo \u00e9 por 1 ano, com possibilidade de prorroga\u00e7\u00e3o.<\/p>\n<p>&nbsp;<\/p>\n<p><strong>Remunera\u00e7\u00e3o: <\/strong>Por n\u00edvel de experi\u00eancia e de acordo com organiza\u00e7\u00f5es sem fins lucrativos na Am\u00e9rica Latina.<\/p>\n<p>&nbsp;<\/p>\n<p><strong>Inscri\u00e7\u00e3o: <\/strong>Informa\u00e7\u00f5es somente por e-mail. Envie carta de apresenta\u00e7\u00e3o, curr\u00edculo e amostra de reda\u00e7\u00e3o em portugu\u00eas por e-mail para jobs@raceandequality.org<\/p>\n<p>&nbsp;<\/p>\n<p>Pessoas LGBTI negras s\u00e3o especialmente convidadas a se inscrever.<\/p>\n<p>&nbsp;<\/p>\n<p><strong>Ra\u00e7a e Igualdade \u00e9 um empregador de oportunidades iguais. <\/strong><\/p>\n","protected":false},"excerpt":{"rendered":"<p>OPORTUNIDADE DE TRABALHO &nbsp; Consultoria sobre Participa\u00e7\u00e3o Pol\u00edtica de Mulheres Negras LBTI &nbsp; Localiza\u00e7\u00e3o: Rio de Janeiro &#8211; Brasil &nbsp; O Instituto Internacional sobre Ra\u00e7a, Igualdade e Direitos Humanos \u00e9 [&hellip;]<\/p>\n","protected":false},"featured_media":18390,"template":"","joblisting_location":[1245],"joblisting_type":[1255],"joblisting_status":[1263],"class_list":["post-18388","job_posting","type-job_posting","status-publish","has-post-thumbnail","hentry","joblisting_location-brasil-pt-br","joblisting_type-contrato-pt-br","joblisting_status-em-vigor"],"acf":[],"aioseo_notices":[],"_links":{"self":[{"href":"https:\/\/raceandequality.org\/pt-br\/wp-json\/wp\/v2\/job_posting\/18388","targetHints":{"allow":["GET"]}}],"collection":[{"href":"https:\/\/raceandequality.org\/pt-br\/wp-json\/wp\/v2\/job_posting"}],"about":[{"href":"https:\/\/raceandequality.org\/pt-br\/wp-json\/wp\/v2\/types\/job_posting"}],"wp:featuredmedia":[{"embeddable":true,"href":"https:\/\/raceandequality.org\/pt-br\/wp-json\/wp\/v2\/media\/18390"}],"wp:attachment":[{"href":"https:\/\/raceandequality.org\/pt-br\/wp-json\/wp\/v2\/media?parent=18388"}],"wp:term":[{"taxonomy":"joblisting_location","embeddable":true,"href":"https:\/\/raceandequality.org\/pt-br\/wp-json\/wp\/v2\/joblisting_location?post=18388"},{"taxonomy":"joblisting_type","embeddable":true,"href":"https:\/\/raceandequality.org\/pt-br\/wp-json\/wp\/v2\/joblisting_type?post=18388"},{"taxonomy":"joblisting_status","embeddable":true,"href":"https:\/\/raceandequality.org\/pt-br\/wp-json\/wp\/v2\/joblisting_status?post=18388"}],"curies":[{"name":"wp","href":"https:\/\/api.w.org\/{rel}","templated":true}]}}