{"id":19652,"date":"2025-01-06T16:40:55","date_gmt":"2025-01-06T16:40:55","guid":{"rendered":"https:\/\/raceandequality.org\/?post_type=job_posting&#038;p=19652"},"modified":"2025-01-06T16:40:55","modified_gmt":"2025-01-06T16:40:55","slug":"assessor-a-e-de-incidencia-politica-em-brasilia-2","status":"publish","type":"job_posting","link":"https:\/\/raceandequality.org\/pt-br\/job-posting\/assessor-a-e-de-incidencia-politica-em-brasilia-2\/","title":{"rendered":"Assessor\/a\/e de Incid\u00eancia Pol\u00edtica em Bras\u00edlia"},"content":{"rendered":"<p style=\"text-align: center;\"><strong>OPORTUNIDADE DE TRABALHO<\/strong><\/p>\n<p style=\"text-align: center;\"><strong>Assessor\/a\/e de Incid\u00eancia Politica <\/strong><\/p>\n<p style=\"text-align: center;\"><strong>Localiza\u00e7\u00e3o: Bras\u00edlia &#8211; Brasil<\/strong><\/p>\n<p style=\"text-align: center;\"><strong>Prazo de inscri\u00e7\u00e3o 21\/01\/2025<\/strong><\/p>\n<p><strong>\u00a0<\/strong><\/p>\n<p><strong>\u00a0<\/strong><\/p>\n<p>O Instituto Internacional sobre Ra\u00e7a, Igualdade e Direitos Humanos \u00e9 uma organiza\u00e7\u00e3o internacional de prote\u00e7\u00e3o dos direitos humanos fundada em 2015, que trabalha com ativistas locais na Am\u00e9rica Latina para construir movimentos populares que promovam a prote\u00e7\u00e3o dos direitos das popula\u00e7\u00f5es marginalizadas por seu g\u00eanero, ra\u00e7a, etnia, status socioecon\u00f4mico, orienta\u00e7\u00e3o sexual, identidade de g\u00eanero ou defici\u00eancia.<\/p>\n<p>&nbsp;<\/p>\n<p>Ra\u00e7a e Igualdade adota uma abordagem proativa para desenvolver a capacidade de suas organiza\u00e7\u00f5es parceiras e promover os direitos de pessoas afro-latinas, LGBTI, povos ind\u00edgenas, mulheres e outros grupos marginalizados. Usamos uma combina\u00e7\u00e3o de lit\u00edgio, mobiliza\u00e7\u00e3o da comunidade, relat\u00f3rios de direitos humanos, pesquisa e incid\u00eancia em n\u00edvel nacional e internacional, o que nos permite unir nossos parceiros para desenvolver e implementar estrat\u00e9gias para mudan\u00e7as sociais, culturais e pol\u00edticas. Um aspecto fundamental desse trabalho concentra-se na expans\u00e3o do papel das ONGs que representam as comunidades marginalizadas em n\u00edvel regional. Por essa raz\u00e3o, nosso programa inclui o fortalecimento da capacidade de nossas organiza\u00e7\u00f5es parceiras para defender a plena e completa incorpora\u00e7\u00e3o de temas de discrimina\u00e7\u00e3o e racismo na Organiza\u00e7\u00e3o dos Estados Americanos (OEA) e lit\u00edgio dentro do Sistema Interamericano de Direitos Humanos, em coordena\u00e7\u00e3o com o lit\u00edgio nacional, promo\u00e7\u00e3o de pol\u00edticas e mobiliza\u00e7\u00e3o comunit\u00e1ria.<\/p>\n<p>&nbsp;<\/p>\n<p><strong>Descri\u00e7\u00e3o do trabalho: <\/strong>Trabalhando em colabora\u00e7\u00e3o com nossas organiza\u00e7\u00f5es parceiras, outros Oficiais de Ra\u00e7a e Igualdade no Brasil e o Diretores do Programa Brasil e Diretor Executivo, a pessoa que prestar\u00e1 a consultoria desempenhar\u00e1 a\u00e7\u00f5es de incid\u00eancia junto aos poderes Legisla\u00e7\u00e3o, Executivo, Judici\u00e1rio, Embaixadas e entidades da sociedade civil em Bras\u00edlia e demais Estados com a colabora\u00e7\u00e3o das\/os demais consultoras\/os, realizando atividades de advocacy e incid\u00eancia pol\u00edtica, reuni\u00f5es. Ainda, na produ\u00e7\u00e3o de relat\u00f3rios vinculados a sua atua\u00e7\u00e3o e ao projeto que estar\u00e1 inserido, mapeamento e ajudar a implementar estrat\u00e9gias para a defesa dos direitos humanos conforme as \u00e1reas de atua\u00e7\u00e3o da Ra\u00e7a e Igualdade.<\/p>\n<p>&nbsp;<\/p>\n<p><strong>Qualifica\u00e7\u00f5es: <\/strong>Bacharel em Direito, rela\u00e7\u00f5es internacionais, ci\u00eancia pol\u00edtica, administra\u00e7\u00e3o p\u00fablica, comunica\u00e7\u00e3o ou \u00e1reas correlatas, dando-se prefer\u00eancia a estudos especializados em direitos humanos. 3-5 anos de experi\u00eancia em direitos humanos ou \u00e1reas afins na Am\u00e9rica Latina; capacidade de racioc\u00ednio pol\u00edtico maduro e conhecimento das tradi\u00e7\u00f5es pol\u00edticas e jur\u00eddicas da Am\u00e9rica Latina; conhecimento sobre o contexto socioecon\u00f4mico do Brasil e da Am\u00e9rica Latina; conhecimento\/experi\u00eancia em quest\u00f5es de discrimina\u00e7\u00e3o racial, \u00e9tnica e LGBTI na regi\u00e3o; conhecimento\/experi\u00eancia sobre os direitos das mulheres negras e sobre o movimento feminista; capacidade demonstrada de compreender e trabalhar quest\u00f5es de g\u00eanero e sexualidade; habilidades desenvolvidas de rea\u00e7\u00e3o e pesquisa; conhecimento sobre os Sistemas Interamericano e das Na\u00e7\u00f5es Unidas. Habilidades para trabalhar sob press\u00e3o de tempo ser\u00e1 valorizada. <strong>\u00c9 importante ter amplo conhecimento do processo legislativo<\/strong>. \u00c9 necess\u00e1rio ter boa comunica\u00e7\u00e3o oral e escrita em portugu\u00eas assim como bom n\u00edvel de ingl\u00eas e espanhol. O cargo \u00e9 por 1 ano, com possibilidade de prorroga\u00e7\u00e3o.<\/p>\n<p>&nbsp;<\/p>\n<p><strong>Habilita\u00e7\u00f5es: <\/strong><\/p>\n<p>Disponibilidade para trabalhar em Bras\u00edlia, preferencialmente j\u00e1 ser residente na cidade;<\/p>\n<p>De 1 a 3 anos de experi\u00eancia trabalhando em direitos humanos;<\/p>\n<p>S\u00e3o desej\u00e1veis ainda: capacidade de trabalhar sob press\u00e3o; excelente aten\u00e7\u00e3o aos detalhes; capacidade de administrar programas; conhecimento do pacote Microsoft Office e experi\u00eancia em pesquisa e levantamento de dados e principalmente pr\u00f3-atividade para o desenvolvimento de atividades com entidades da sociedade civil e autoridades p\u00fablicas;<\/p>\n<p>Importante ter habilidade de comunica\u00e7\u00e3o oral\/escrita em ingl\u00eas e espanhol.<\/p>\n<p>Carga hor\u00e1ria em tempo completo por contrato no per\u00edodo do projeto.<\/p>\n<p>&nbsp;<\/p>\n<p><strong>Remunera\u00e7\u00e3o: <\/strong>De acordo com n\u00edvel de experi\u00eancia e com organiza\u00e7\u00f5es sem fins lucrativos na \u00a0Am\u00e9rica Latina.<\/p>\n<p>&nbsp;<\/p>\n<p><strong>Inscri\u00e7\u00e3o: <\/strong>Envie imediatamente o curr\u00edculo (portugu\u00eas), uma carta de apresenta\u00e7\u00e3o (ingl\u00eas, espanhol e portugu\u00eas) e tr\u00eas refer\u00eancias com informa\u00e7\u00f5es de contato por e-mail para jobs@raceandequality.org<\/p>\n<p>&nbsp;<\/p>\n<p><em><strong>Ra\u00e7a e Igualdade dar\u00e1 prioridade a pessoas com defici\u00eancia, negras, quilombolas, ind\u00edgenas e LGBTI+.<\/strong><\/em><\/p>\n","protected":false},"excerpt":{"rendered":"<p>OPORTUNIDADE DE TRABALHO Assessor\/a\/e de Incid\u00eancia Politica Localiza\u00e7\u00e3o: Bras\u00edlia &#8211; Brasil Prazo de inscri\u00e7\u00e3o 21\/01\/2025 \u00a0 \u00a0 O Instituto Internacional sobre Ra\u00e7a, Igualdade e Direitos Humanos \u00e9 uma organiza\u00e7\u00e3o internacional [&hellip;]<\/p>\n","protected":false},"featured_media":19653,"template":"","joblisting_location":[1245],"joblisting_type":[1255],"joblisting_status":[1263],"class_list":["post-19652","job_posting","type-job_posting","status-publish","has-post-thumbnail","hentry","joblisting_location-brasil-pt-br","joblisting_type-contrato-pt-br","joblisting_status-em-vigor"],"acf":[],"aioseo_notices":[],"_links":{"self":[{"href":"https:\/\/raceandequality.org\/pt-br\/wp-json\/wp\/v2\/job_posting\/19652","targetHints":{"allow":["GET"]}}],"collection":[{"href":"https:\/\/raceandequality.org\/pt-br\/wp-json\/wp\/v2\/job_posting"}],"about":[{"href":"https:\/\/raceandequality.org\/pt-br\/wp-json\/wp\/v2\/types\/job_posting"}],"wp:featuredmedia":[{"embeddable":true,"href":"https:\/\/raceandequality.org\/pt-br\/wp-json\/wp\/v2\/media\/19653"}],"wp:attachment":[{"href":"https:\/\/raceandequality.org\/pt-br\/wp-json\/wp\/v2\/media?parent=19652"}],"wp:term":[{"taxonomy":"joblisting_location","embeddable":true,"href":"https:\/\/raceandequality.org\/pt-br\/wp-json\/wp\/v2\/joblisting_location?post=19652"},{"taxonomy":"joblisting_type","embeddable":true,"href":"https:\/\/raceandequality.org\/pt-br\/wp-json\/wp\/v2\/joblisting_type?post=19652"},{"taxonomy":"joblisting_status","embeddable":true,"href":"https:\/\/raceandequality.org\/pt-br\/wp-json\/wp\/v2\/joblisting_status?post=19652"}],"curies":[{"name":"wp","href":"https:\/\/api.w.org\/{rel}","templated":true}]}}