{"id":1301,"count":0,"description":"","link":"https:\/\/raceandequality.org\/pt-br\/publications_topic\/privacao-arbitraria-de-liberdade-por-motivos-politicos\/","name":"Priva\u00e7\u00e3o arbitr\u00e1ria de liberdade por motivos pol\u00edticos","slug":"privacao-arbitraria-de-liberdade-por-motivos-politicos","taxonomy":"publications_topic","parent":0,"meta":[],"acf":[],"_links":{"self":[{"href":"https:\/\/raceandequality.org\/pt-br\/wp-json\/wp\/v2\/publications_topic\/1301","targetHints":{"allow":["GET"]}}],"collection":[{"href":"https:\/\/raceandequality.org\/pt-br\/wp-json\/wp\/v2\/publications_topic"}],"about":[{"href":"https:\/\/raceandequality.org\/pt-br\/wp-json\/wp\/v2\/taxonomies\/publications_topic"}],"wp:post_type":[{"href":"https:\/\/raceandequality.org\/pt-br\/wp-json\/wp\/v2\/publication?publications_topic=1301"}],"curies":[{"name":"wp","href":"https:\/\/api.w.org\/{rel}","templated":true}]}}